{"id":22281,"date":"2021-04-26T16:40:16","date_gmt":"2021-04-26T15:40:16","guid":{"rendered":"https:\/\/protecta.co.uk\/?p=22281"},"modified":"2024-08-21T17:17:46","modified_gmt":"2024-08-21T16:17:46","slug":"protecta-fr-akryl-produktuppdatering","status":"publish","type":"post","link":"https:\/\/protecta.co.uk\/sv\/protecta-fr-akryl-produktuppdatering\/","title":{"rendered":"Protecta\u00ae FR Akryl Produktuppdatering"},"content":{"rendered":"<p>Vi kan nu stolt presentera en ny uppdatering f\u00f6r Protecta FR Akryl. Den nya uppdateringen inkluderar en rad nya funktioner, inkluderat nya godk\u00e4nnanden f\u00f6r installationer i v\u00e4ggar och bj\u00e4lklag av massivtr\u00e4.<\/p>\n<p>Protecta\u00ae FR Akryl \u00e4r testad med olika typer av installationer, genom m\u00e5nga olika konstruktioner och \u00e4r en CE-m\u00e4rkt fogemassa f\u00f6r brandklassade fogar och genomf\u00f6ringar, upp till EI 240. Protecta FR Akryl uppr\u00e4tth\u00e5ller \u00e4ven akustiska egenskaper i v\u00e4ggar och bj\u00e4lklag och har en livsl\u00e4ngd p\u00e5 upp till 30 \u00e5r.<\/p>\n<p><strong>Den nya uppgraderingen f\u00f6r FR Akryl inkluderar:<\/strong><\/p>\n<ul>\n<li>Godk\u00e4nnanden f\u00f6r tekniska genomf\u00f6ringar i v\u00e4ggar och bj\u00e4lklag av tr\u00e4<\/li>\n<li>Godk\u00e4nnanden f\u00f6r tekniska genomf\u00f6ringar i kompositbj\u00e4lklag<\/li>\n<li>St\u00e5lr\u00f6r med genomg\u00e5ende fenolisolering i v\u00e4ggar<\/li>\n<li>Minskat fogdjup f\u00f6r st\u00e5lr\u00f6r med genomg\u00e5ende cellgummi<\/li>\n<li>Minskat fogdjup f\u00f6r alupexr\u00f6r med genomg\u00e5ende cellgummi<\/li>\n<li>F\u00f6rb\u00e4ttrade godk\u00e4nnanden f\u00f6r plastr\u00f6r i bj\u00e4lklag<\/li>\n<li>Ytterligare godk\u00e4nnanden f\u00f6r oisolerade st\u00e5lr\u00f6r i bj\u00e4lklag<\/li>\n<\/ul>\n<p>Logga in eller registrera dig f\u00f6r att ladda ner de uppdaterade produktdokumenten.<\/p>\n","protected":false},"excerpt":{"rendered":"<p>Vi kan nu stolt presentera en ny uppdatering f\u00f6r Protecta FR Akryl. Den nya uppdateringen inkluderar en rad nya funktioner, inkluderat nya godk\u00e4nnanden f\u00f6r installationer i v\u00e4ggar och bj\u00e4lklag av&#8230;<\/p>\n","protected":false},"author":1171,"featured_media":22282,"comment_status":"closed","ping_status":"closed","sticky":false,"template":"","format":"standard","meta":{"_lmt_disableupdate":"","_lmt_disable":"","footnotes":""},"categories":[298],"tags":[],"class_list":{"0":"post-22281","1":"post","2":"type-post","3":"status-publish","4":"format-standard","5":"has-post-thumbnail","7":"category-news"},"modified_by":"Rachael Icarus","_links":{"self":[{"href":"https:\/\/protecta.co.uk\/sv\/wp-json\/wp\/v2\/posts\/22281","targetHints":{"allow":["GET"]}}],"collection":[{"href":"https:\/\/protecta.co.uk\/sv\/wp-json\/wp\/v2\/posts"}],"about":[{"href":"https:\/\/protecta.co.uk\/sv\/wp-json\/wp\/v2\/types\/post"}],"author":[{"embeddable":true,"href":"https:\/\/protecta.co.uk\/sv\/wp-json\/wp\/v2\/users\/1171"}],"replies":[{"embeddable":true,"href":"https:\/\/protecta.co.uk\/sv\/wp-json\/wp\/v2\/comments?post=22281"}],"version-history":[{"count":1,"href":"https:\/\/protecta.co.uk\/sv\/wp-json\/wp\/v2\/posts\/22281\/revisions"}],"predecessor-version":[{"id":22284,"href":"https:\/\/protecta.co.uk\/sv\/wp-json\/wp\/v2\/posts\/22281\/revisions\/22284"}],"wp:featuredmedia":[{"embeddable":true,"href":"https:\/\/protecta.co.uk\/sv\/wp-json\/wp\/v2\/media\/22282"}],"wp:attachment":[{"href":"https:\/\/protecta.co.uk\/sv\/wp-json\/wp\/v2\/media?parent=22281"}],"wp:term":[{"taxonomy":"category","embeddable":true,"href":"https:\/\/protecta.co.uk\/sv\/wp-json\/wp\/v2\/categories?post=22281"},{"taxonomy":"post_tag","embeddable":true,"href":"https:\/\/protecta.co.uk\/sv\/wp-json\/wp\/v2\/tags?post=22281"}],"curies":[{"name":"wp","href":"https:\/\/api.w.org\/{rel}","templated":true}]}}